{"id":13941,"date":"2025-09-20T10:08:46","date_gmt":"2025-09-20T10:08:46","guid":{"rendered":"https:\/\/psychodetailing.ca\/?p=13941"},"modified":"2025-09-21T06:24:35","modified_gmt":"2025-09-21T06:24:35","slug":"protection-hivernale-details-proteger-votre-voiture-contre-les-saisons-rigoureuses-du-quebec","status":"publish","type":"post","link":"https:\/\/psychodetailing.ca\/fr\/winter-protection-detailing-shielding-your-car-from-quebecs-harsh-seasons\/","title":{"rendered":"Protection hivernale : prot\u00e9ger votre voiture contre les rigueurs du climat qu\u00e9b\u00e9cois"},"content":{"rendered":"<div class=\"wpb-content-wrapper\"><div id=\"vc_row-69ee5a95b9e54\" class=\"vc_row wpb_row vc_row-fluid thegem-custom-69ee5a95b9e381137\"><div class=\"wpb_column vc_column_container vc_col-sm-12 thegem-custom-69ee5a95ba05c3698\" ><div class=\"vc_column-inner thegem-custom-inner-69ee5a95ba05e\"><div class=\"wpb_wrapper thegem-custom-69ee5a95ba05c3698\"><style>.thegem-te-post-title.thegem-custom-69ee5a95ba14b7936 {justify-content: left; text-align: left;}<\/style><div class=\"thegem-te-post-title vc_custom_1756491983526 thegem-custom-69ee5a95ba14b7936\"> <h1 class=\"post-title title-h3\"> <span>Protection hivernale : prot\u00e9ger votre voiture contre les rigueurs du climat qu\u00e9b\u00e9cois<\/span> <\/h1> <\/div><style>.thegem-te-post-excerpt.thegem-custom-69ee5a95ba3765230 {justify-content: left; text-align: left;}<\/style><div class=\"thegem-te-post-excerpt vc_custom_1756492007291 thegem-custom-69ee5a95ba3765230\"> <p class=\"post-excerpt\"> Les traitements de protection hivernale assurent la s\u00e9curit\u00e9 de votre v\u00e9hicule. Pr\u00e9venez la rouille, la corrosion et les dommages caus\u00e9s par le sel et la neige gr\u00e2ce \u00e0 un soin expert. <\/p> <\/div><\/div><\/div><\/div><\/div><div id=\"vc_row-69ee5a95ba669\" class=\"vc_row wpb_row vc_row-fluid thegem-custom-69ee5a95ba65f2190\"><div class=\"wpb_column vc_column_container vc_col-sm-12 thegem-custom-69ee5a95ba7f36553\" ><div class=\"vc_column-inner thegem-custom-inner-69ee5a95ba7f4\"><div class=\"wpb_wrapper thegem-custom-69ee5a95ba7f36553\">\r\n\t\r\n\t\t<div class=\"wpb_text_column wpb_content_element  thegem-vc-text thegem-custom-69ee5a95ba99b8323\"  >\r\n\t\t\t<div class=\"wpb_wrapper\">\r\n\t\t\t\t<p>Les soins de protection hivernale sont essentiels pour les voitures qu\u00e9b\u00e9coises. \u00c0 l'approche de la neige, de la glace, du sel et des temp\u00e9ratures glaciales, l'ext\u00e9rieur et l'int\u00e9rieur de votre v\u00e9hicule sont soumis \u00e0 une usure importante. Sans soins de protection hivernale appropri\u00e9s, les dommages s'accumulent rapidement. En agissant d\u00e8s maintenant, vous prot\u00e9gez la peinture, les garnitures et les pi\u00e8ces m\u00e9caniques avant l'arriv\u00e9e de la saison la plus rude.<\/p>\n\r\n\t\t\t<\/div>\r\n\t\t\t<style>@media screen and (max-width: 1023px) {.thegem-vc-text.thegem-custom-69ee5a95ba99b8323{display: block!important;}}@media screen and (max-width: 767px) {.thegem-vc-text.thegem-custom-69ee5a95ba99b8323{display: block!important;}}@media screen and (max-width: 1023px) {.thegem-vc-text.thegem-custom-69ee5a95ba99b8323{position: relative !important;}}@media screen and (max-width: 767px) {.thegem-vc-text.thegem-custom-69ee5a95ba99b8323{position: relative !important;}}<\/style>\r\n\t\t<\/div>\r\n\t\r\n<\/div><\/div><\/div><\/div><div id=\"vc_row-69ee5a95bab84\" class=\"vc_row wpb_row vc_row-fluid thegem-custom-69ee5a95bab7b2352\"><div class=\"wpb_column vc_column_container vc_col-sm-12 thegem-custom-69ee5a95bad066631\" ><div class=\"vc_column-inner thegem-custom-inner-69ee5a95bad08\"><div class=\"wpb_wrapper thegem-custom-69ee5a95bad066631\">\r\n\t\r\n\t\t<div class=\"wpb_text_column wpb_content_element  thegem-vc-text thegem-custom-69ee5a95bae216454\"  >\r\n\t\t\t<div class=\"wpb_wrapper\">\r\n\t\t\t\t<div class=\"title-h4\" data-start=\"930\" data-end=\"970\">Qu'est-ce que la protection hivernale d\u00e9taill\u00e9e ?<\/div>\n<p data-start=\"972\" data-end=\"1299\">La protection hivernale est un ensemble complet de services con\u00e7us pour prot\u00e9ger votre v\u00e9hicule contre les dommages saisonniers. Elle combine la protection ext\u00e9rieure, le soin int\u00e9rieur et les traitements pr\u00e9ventifs. Les principaux services comprennent : le lavage \u00e0 la main, les produits d'\u00e9tanch\u00e9it\u00e9 ou les rev\u00eatements c\u00e9ramiques, le nettoyage du ch\u00e2ssis, le conditionnement des garnitures et la protection des zones vuln\u00e9rables.<\/p>\n\r\n\t\t\t<\/div>\r\n\t\t\t<style>@media screen and (max-width: 1023px) {.thegem-vc-text.thegem-custom-69ee5a95bae216454{display: block!important;}}@media screen and (max-width: 767px) {.thegem-vc-text.thegem-custom-69ee5a95bae216454{display: block!important;}}@media screen and (max-width: 1023px) {.thegem-vc-text.thegem-custom-69ee5a95bae216454{position: relative !important;}}@media screen and (max-width: 767px) {.thegem-vc-text.thegem-custom-69ee5a95bae216454{position: relative !important;}}<\/style>\r\n\t\t<\/div>\r\n\t\r\n<div class=\"centered-box gem-image-centered-box\" ><div class=\"gem-image gem-wrapbox gem-wrapbox-style-default gem-wrapbox-position-centered  thegem-custom-69ee5a95baedd6887\"  style=\"\" ><div class=\"gem-wrapbox-inner\" ><img class=\"gem-wrapbox-element img-responsive\" src=\"https:\/\/psychodetailing.ca\/wp-content\/uploads\/2025\/09\/Best-Time-to-Get-Winter-Protection-Detailing.jpg\" alt=\"Le meilleur moment pour faire nettoyer votre voiture avec protection hivernale\"\/><\/div><style type=\"text\/css\">.thegem-custom-69ee5a95baedd6887.gem-image a:hover img {filter: brightness( 100% ) contrast( 100% ) saturate( 100% ) blur( 0px ) hue-rotate( 0deg );}<\/style><\/div><\/div><\/div><\/div><\/div><\/div><div id=\"vc_row-69ee5a95bb1c6\" class=\"vc_row wpb_row vc_row-fluid thegem-custom-69ee5a95bb1bc5738\"><div class=\"wpb_column vc_column_container vc_col-sm-12 thegem-custom-69ee5a95bb32d7548\" ><div class=\"vc_column-inner thegem-custom-inner-69ee5a95bb32e\"><div class=\"wpb_wrapper thegem-custom-69ee5a95bb32d7548\">\r\n\t\r\n\t\t<div class=\"wpb_text_column wpb_content_element  thegem-vc-text thegem-custom-69ee5a95bb46e3432\"  >\r\n\t\t\t<div class=\"wpb_wrapper\">\r\n\t\t\t\t<div class=\"title-h4\" data-start=\"1306\" data-end=\"1354\">Pourquoi les routes qu\u00e9b\u00e9coises et le sel n\u00e9cessitent un soin particulier<\/div>\n<p data-start=\"1356\" data-end=\"1724\">Le sel de voirie est largement utilis\u00e9 ici et provoque de la corrosion, en particulier sur les composants m\u00e9talliques et en caoutchouc. Selon Environnement et Changement climatique Canada, le Qu\u00e9bec fait partie des r\u00e9gions o\u00f9 l'utilisation de sel de voirie est \u00e9lev\u00e9e. Le <strong data-start=\"1559\" data-end=\"1626\">code de pratique pour la gestion environnementale des sels de voirie<\/strong> met l'accent sur la r\u00e9duction des dommages caus\u00e9s par le sel gr\u00e2ce \u00e0 des pratiques exemplaires. <span class=\"\" data-state=\"closed\"><span class=\"ms-1 inline-flex max-w-full items-center relative top-&#091;-0.094rem&#093; animate-&#091;show_150ms_ease-in&#093;\" data-testid=\"webpage-citation-pill\"><a class=\"flex h-4.5 overflow-hidden rounded-xl px-2 text-&#091;9px&#093; font-medium transition-colors duration-150 ease-in-out text-token-text-secondary! bg-&#091;#F4F4F4&#093;! dark:bg-&#091;#303030&#093;!\" href=\"https:\/\/www.canada.ca\/fr\/environnement-changement-climatique\/services\/polluants\/sels-voirie\/code-pratique-gestion-environnementale-survol-donnees.html\" target=\"_blank\" rel=\"noopener\"><span class=\"relative start-0 bottom-0 flex h-full w-full items-center\"><span class=\"flex h-4 w-full items-center justify-between overflow-hidden\"><span class=\"max-w-&#091;15ch&#093; grow truncate overflow-hidden text-center\">Canada.ca<\/span><\/span><\/span><\/a><\/span><\/span><\/p>\n<p data-start=\"1726\" data-end=\"1917\">De plus, les directives officielles de la SAAQ pour la <strong data-start=\"1752\" data-end=\"1774\">pr\u00e9paration hivernale<\/strong> recommandent de pr\u00e9parer votre v\u00e9hicule (v\u00e9rifier les liquides, les pneus, les phares) avant le d\u00e9but de la saison froide. <span class=\"\" data-state=\"closed\"><span class=\"ms-1 inline-flex max-w-full items-center relative top-&#091;-0.094rem&#093; animate-&#091;show_150ms_ease-in&#093;\" data-testid=\"webpage-citation-pill\"><a class=\"flex h-4.5 overflow-hidden rounded-xl px-2 text-&#091;9px&#093; font-medium transition-colors duration-150 ease-in-out text-token-text-secondary! bg-&#091;#F4F4F4&#093;! dark:bg-&#091;#303030&#093;!\" href=\"https:\/\/saaq.gouv.qc.ca\/securite-routiere\/moyens-deplacement\/auto\/entretien-securite\/preparation-hivernale\" target=\"_blank\" rel=\"noopener\"><span class=\"relative start-0 bottom-0 flex h-full w-full items-center\"><span class=\"flex h-4 w-full items-center justify-between overflow-hidden\"><span class=\"max-w-&#091;15ch&#093; grow truncate overflow-hidden text-center\">SAAQ<\/span><\/span><\/span><\/a><\/span><\/span><\/p>\n\r\n\t\t\t<\/div>\r\n\t\t\t<style>@media screen and (max-width: 1023px) {.thegem-vc-text.thegem-custom-69ee5a95bb46e3432{display: block!important;}}@media screen and (max-width: 767px) {.thegem-vc-text.thegem-custom-69ee5a95bb46e3432{display: block!important;}}@media screen and (max-width: 1023px) {.thegem-vc-text.thegem-custom-69ee5a95bb46e3432{position: relative !important;}}@media screen and (max-width: 767px) {.thegem-vc-text.thegem-custom-69ee5a95bb46e3432{position: relative !important;}}<\/style>\r\n\t\t<\/div>\r\n\t\r\n<\/div><\/div><\/div><\/div><div id=\"vc_row-69ee5a95bb717\" class=\"vc_row wpb_row vc_row-fluid thegem-custom-69ee5a95bb70e6138\"><div class=\"wpb_column vc_column_container vc_col-sm-12 thegem-custom-69ee5a95bb891167\" ><div class=\"vc_column-inner thegem-custom-inner-69ee5a95bb893\"><div class=\"wpb_wrapper thegem-custom-69ee5a95bb891167\">\r\n\t\r\n\t\t<div class=\"wpb_text_column wpb_content_element  thegem-vc-text thegem-custom-69ee5a95bb9b08320\"  >\r\n\t\t\t<div class=\"wpb_wrapper\">\r\n\t\t\t\t<div class=\"title-h4\" data-start=\"1924\" data-end=\"1974\">\u00c9l\u00e9ments cl\u00e9s de la protection hivernale<\/div>\n<p data-start=\"1976\" data-end=\"2057\">Voici les \u00e9l\u00e9ments les plus importants \u00e0 inclure dans un ensemble de protection hivernale :<\/p>\n<ul data-start=\"2059\" data-end=\"2422\">\n<li data-start=\"2059\" data-end=\"2124\">\n<p data-start=\"2061\" data-end=\"2124\"><strong>Produits de scellement ext\u00e9rieurs ou rev\u00eatement c\u00e9ramique pour la protection de la peinture<\/strong><\/p>\n<\/li>\n<li data-start=\"2125\" data-end=\"2193\">\n<p data-start=\"2127\" data-end=\"2193\"><strong>Lavage du dessous de caisse et des passages de roues pour \u00e9liminer les accumulations de sel et de neige fondue<\/strong><\/p>\n<\/li>\n<li data-start=\"2194\" data-end=\"2248\">\n<p data-start=\"2196\" data-end=\"2248\"><strong>Conditionnement des garnitures et du caoutchouc pour pr\u00e9venir les fissures<\/strong><\/p>\n<\/li>\n<li data-start=\"2249\" data-end=\"2329\">\n<p data-start=\"2251\" data-end=\"2329\"><strong>Inspection et traitement du pare-brise, des essuie-glaces et des phares pour garantir une bonne visibilit\u00e9<\/strong><\/p>\n<\/li>\n<li data-start=\"2330\" data-end=\"2422\">\n<p data-start=\"2332\" data-end=\"2422\"><strong>Contr\u00f4le de l'humidit\u00e9 int\u00e9rieure pour les tapis, les paillassons et les tissus d'ameublement afin d'\u00e9viter la formation de moisissures.<\/strong><\/p>\n<\/li>\n<\/ul>\n\r\n\t\t\t<\/div>\r\n\t\t\t<style>@media screen and (max-width: 1023px) {.thegem-vc-text.thegem-custom-69ee5a95bb9b08320{display: block!important;}}@media screen and (max-width: 767px) {.thegem-vc-text.thegem-custom-69ee5a95bb9b08320{display: block!important;}}@media screen and (max-width: 1023px) {.thegem-vc-text.thegem-custom-69ee5a95bb9b08320{position: relative !important;}}@media screen and (max-width: 767px) {.thegem-vc-text.thegem-custom-69ee5a95bb9b08320{position: relative !important;}}<\/style>\r\n\t\t<\/div>\r\n\t\r\n<\/div><\/div><\/div><\/div><div id=\"vc_row-69ee5a95bbc4f\" class=\"vc_row wpb_row vc_row-fluid thegem-custom-69ee5a95bbc466430\"><div class=\"wpb_column vc_column_container vc_col-sm-12 thegem-custom-69ee5a95bbd8a8944\" ><div class=\"vc_column-inner thegem-custom-inner-69ee5a95bbd8b\"><div class=\"wpb_wrapper thegem-custom-69ee5a95bbd8a8944\">\r\n\t\r\n\t\t<div class=\"wpb_text_column wpb_content_element  thegem-vc-text thegem-custom-69ee5a95bbe8d9779\"  >\r\n\t\t\t<div class=\"wpb_wrapper\">\r\n\t\t\t\t<div class=\"title-h4\" data-start=\"2429\" data-end=\"2478\">Le meilleur moment pour faire nettoyer votre voiture avec protection hivernale<\/div>\n<p data-start=\"2480\" data-end=\"2725\"><strong>Il est pr\u00e9f\u00e9rable de planifier ce service avant la premi\u00e8re forte chute de neige.<\/strong> Une fois que les routes sont sal\u00e9es et que la neige fond, les d\u00e9g\u00e2ts s'acc\u00e9l\u00e8rent. Par cons\u00e9quent, d\u00e8s que les temp\u00e9ratures commencent \u00e0 baisser, g\u00e9n\u00e9ralement fin octobre ou d\u00e9but novembre, r\u00e9servez votre service de nettoyage.<\/p>\n\r\n\t\t\t<\/div>\r\n\t\t\t<style>@media screen and (max-width: 1023px) {.thegem-vc-text.thegem-custom-69ee5a95bbe8d9779{display: block!important;}}@media screen and (max-width: 767px) {.thegem-vc-text.thegem-custom-69ee5a95bbe8d9779{display: block!important;}}@media screen and (max-width: 1023px) {.thegem-vc-text.thegem-custom-69ee5a95bbe8d9779{position: relative !important;}}@media screen and (max-width: 767px) {.thegem-vc-text.thegem-custom-69ee5a95bbe8d9779{position: relative !important;}}<\/style>\r\n\t\t<\/div>\r\n\t\r\n<\/div><\/div><\/div><\/div><div id=\"vc_row-69ee5a95bc06d\" class=\"vc_row wpb_row vc_row-fluid thegem-custom-69ee5a95bc063497\"><div class=\"wpb_column vc_column_container vc_col-sm-12 thegem-custom-69ee5a95bc1aa4781\" ><div class=\"vc_column-inner thegem-custom-inner-69ee5a95bc1ab\"><div class=\"wpb_wrapper thegem-custom-69ee5a95bc1aa4781\">\r\n\t\r\n\t\t<div class=\"wpb_text_column wpb_content_element  thegem-vc-text thegem-custom-69ee5a95bc2ac8408\"  >\r\n\t\t\t<div class=\"wpb_wrapper\">\r\n\t\t\t\t<div class=\"title-h4\" data-start=\"2732\" data-end=\"2786\">Comment Psycho Detailing assure une protection hivernale optimale<\/div>\n<p data-start=\"2788\" data-end=\"3105\">Nous utilisons des m\u00e9thodes \u00e9prouv\u00e9es et des produits sans danger pour les marques. Notre processus comprend de nouveaux chiffons en microfibres pour chaque v\u00e9hicule, des d\u00e9graissants doux mais efficaces qui ne nuisent pas aux scellants, et des rev\u00eatements haut de gamme pour une protection \u00e0 long terme. De plus, nous suivons les directives du Qu\u00e9bec en mati\u00e8re d'entretien de la s\u00e9curit\u00e9 routi\u00e8re, afin de garantir que votre v\u00e9hicule r\u00e9pond aux normes de la SAAQ.<\/p>\n\r\n\t\t\t<\/div>\r\n\t\t\t<style>@media screen and (max-width: 1023px) {.thegem-vc-text.thegem-custom-69ee5a95bc2ac8408{display: block!important;}}@media screen and (max-width: 767px) {.thegem-vc-text.thegem-custom-69ee5a95bc2ac8408{display: block!important;}}@media screen and (max-width: 1023px) {.thegem-vc-text.thegem-custom-69ee5a95bc2ac8408{position: relative !important;}}@media screen and (max-width: 767px) {.thegem-vc-text.thegem-custom-69ee5a95bc2ac8408{position: relative !important;}}<\/style>\r\n\t\t<\/div>\r\n\t\r\n<\/div><\/div><\/div><\/div><div id=\"vc_row-69ee5a95bc491\" class=\"vc_row wpb_row vc_row-fluid thegem-custom-69ee5a95bc488535\"><div class=\"wpb_column vc_column_container vc_col-sm-12 thegem-custom-69ee5a95bc5e14221\" ><div class=\"vc_column-inner thegem-custom-inner-69ee5a95bc5e2\"><div class=\"wpb_wrapper thegem-custom-69ee5a95bc5e14221\"><div class=\"centered-box gem-image-centered-box\" ><div class=\"gem-image gem-wrapbox gem-wrapbox-style-default gem-wrapbox-position-centered  thegem-custom-69ee5a95bc686951\"  style=\"\" ><div class=\"gem-wrapbox-inner\" ><img class=\"gem-wrapbox-element img-responsive\" src=\"https:\/\/psychodetailing.ca\/wp-content\/uploads\/2025\/09\/How-Psycho-Detailing-Does-Winter-Protection-Right.jpg\" alt=\"Comment Psycho Detailing assure une protection hivernale optimale\"\/><\/div><style type=\"text\/css\">.thegem-custom-69ee5a95bc686951.gem-image a:hover img {filter: brightness( 100% ) contrast( 100% ) saturate( 100% ) blur( 0px ) hue-rotate( 0deg );}<\/style><\/div><\/div><div class=\"clearboth\"><\/div><style>#thegem-divider-69ee5a95bc893 {margin-top: 20px !important;}<\/style><div id=\"thegem-divider-69ee5a95bc893\" class=\"gem-divider\" style=\"\" ><\/div>\r\n\t\r\n\t\t<div class=\"wpb_text_column wpb_content_element  thegem-vc-text thegem-custom-69ee5a95bc9595547\"  >\r\n\t\t\t<div class=\"wpb_wrapper\">\r\n\t\t\t\t<div class=\"title-h4\" data-start=\"3112\" data-end=\"3160\">R\u00e9servez d\u00e8s aujourd'hui votre service de nettoyage et de protection hivernale<\/div>\n<p data-start=\"3162\" data-end=\"3313\" class=\"translation-block\">Ne laissez pas les dommages caus\u00e9s par l'hiver vous co\u00fbter plus cher plus tard. Notre forfait de protection hivernale garantit que votre v\u00e9hicule est pr\u00eat, prot\u00e9g\u00e9, propre et s\u00fbr.<\/p>\n<p data-start=\"3521\" data-end=\"3600\">\ud83d\udcde <a href=\"tel:5147429579\"><strong data-start=\"3535\" data-end=\"3551\">514 742-9579<\/strong><\/a><\/p>\n<p data-start=\"3521\" data-end=\"3600\"><br data-start=\"3551\" data-end=\"3554\" \/>\ud83c\udf10 <strong><a href=\"https:\/\/psychodetailing.ca\/fr\/reservez\/\">R\u00e9servez en ligne<\/a><\/strong><\/p>\n<p data-start=\"3521\" data-end=\"3600\"><strong>Demandez des informations sur les d\u00e9tails de la protection hivernale lorsque vous prenez rendez-vous pour pr\u00e9parer votre v\u00e9hicule \u00e0 l'hiver qui approche.<\/strong><\/p>\n\r\n\t\t\t<\/div>\r\n\t\t\t<style>@media screen and (max-width: 1023px) {.thegem-vc-text.thegem-custom-69ee5a95bc9595547{display: block!important;}}@media screen and (max-width: 767px) {.thegem-vc-text.thegem-custom-69ee5a95bc9595547{display: block!important;}}@media screen and (max-width: 1023px) {.thegem-vc-text.thegem-custom-69ee5a95bc9595547{position: relative !important;}}@media screen and (max-width: 767px) {.thegem-vc-text.thegem-custom-69ee5a95bc9595547{position: relative !important;}}<\/style>\r\n\t\t<\/div>\r\n\t\r\n<\/div><\/div><\/div><\/div>\n<\/div>","protected":false},"excerpt":{"rendered":"<p>Les traitements de protection hivernale assurent la s\u00e9curit\u00e9 de votre v\u00e9hicule. Pr\u00e9venez la rouille, la corrosion et les dommages caus\u00e9s par le sel et la neige gr\u00e2ce \u00e0 un soin expert.<\/p>","protected":false},"author":1,"featured_media":13945,"comment_status":"closed","ping_status":"closed","sticky":false,"template":"","format":"standard","meta":{"_monsterinsights_skip_tracking":false,"_monsterinsights_sitenote_active":false,"_monsterinsights_sitenote_note":"","_monsterinsights_sitenote_category":0,"footnotes":""},"categories":[70,62,69,1,68,71],"tags":[89,88,91,72,92,90],"class_list":{"0":"post-13941","1":"post","2":"type-post","3":"status-publish","4":"format-standard","5":"has-post-thumbnail","7":"category-ceramic-coating","8":"category-detailing","9":"category-exterior","10":"category-general","11":"category-interior","12":"category-paint-correction","13":"tag-car-detailing","14":"tag-eco-friendly","15":"tag-ev-vehicles","16":"tag-grand-montreal","17":"tag-luxury-vehicles","18":"tag-mobile-car-detailing"},"aioseo_notices":[],"menu_order":0,"_links":{"self":[{"href":"https:\/\/psychodetailing.ca\/fr\/wp-json\/wp\/v2\/posts\/13941","targetHints":{"allow":["GET"]}}],"collection":[{"href":"https:\/\/psychodetailing.ca\/fr\/wp-json\/wp\/v2\/posts"}],"about":[{"href":"https:\/\/psychodetailing.ca\/fr\/wp-json\/wp\/v2\/types\/post"}],"author":[{"embeddable":true,"href":"https:\/\/psychodetailing.ca\/fr\/wp-json\/wp\/v2\/users\/1"}],"replies":[{"embeddable":true,"href":"https:\/\/psychodetailing.ca\/fr\/wp-json\/wp\/v2\/comments?post=13941"}],"version-history":[{"count":2,"href":"https:\/\/psychodetailing.ca\/fr\/wp-json\/wp\/v2\/posts\/13941\/revisions"}],"predecessor-version":[{"id":13946,"href":"https:\/\/psychodetailing.ca\/fr\/wp-json\/wp\/v2\/posts\/13941\/revisions\/13946"}],"wp:featuredmedia":[{"embeddable":true,"href":"https:\/\/psychodetailing.ca\/fr\/wp-json\/wp\/v2\/media\/13945"}],"wp:attachment":[{"href":"https:\/\/psychodetailing.ca\/fr\/wp-json\/wp\/v2\/media?parent=13941"}],"wp:term":[{"taxonomy":"category","embeddable":true,"href":"https:\/\/psychodetailing.ca\/fr\/wp-json\/wp\/v2\/categories?post=13941"},{"taxonomy":"post_tag","embeddable":true,"href":"https:\/\/psychodetailing.ca\/fr\/wp-json\/wp\/v2\/tags?post=13941"}],"curies":[{"name":"wp","href":"https:\/\/api.w.org\/{rel}","templated":true}]}}