{"id":13923,"date":"2025-09-15T10:00:53","date_gmt":"2025-09-15T10:00:53","guid":{"rendered":"https:\/\/psychodetailing.ca\/?p=13923"},"modified":"2025-09-16T07:02:15","modified_gmt":"2025-09-16T07:02:15","slug":"psycho-detailing-sagrandit-avec-un-nouveau-garage-a-terrebonne","status":"publish","type":"post","link":"https:\/\/psychodetailing.ca\/fr\/psycho-detailing-expands-with-new-garage-in-terrebonne\/","title":{"rendered":"Psycho Detailing s'agrandit avec un nouveau garage \u00e0 Terrebonne"},"content":{"rendered":"<div class=\"wpb-content-wrapper\"><div id=\"vc_row-69ee57ebb8c82\" class=\"vc_row wpb_row vc_row-fluid thegem-custom-69ee57ebb8c6b1495\"><div class=\"wpb_column vc_column_container vc_col-sm-12 thegem-custom-69ee57ebb91926707\" ><div class=\"vc_column-inner thegem-custom-inner-69ee57ebb9194\"><div class=\"wpb_wrapper thegem-custom-69ee57ebb91926707\"><style>.thegem-te-post-title.thegem-custom-69ee57ebb9248437 {justify-content: left; text-align: left;}<\/style><div class=\"thegem-te-post-title vc_custom_1756491983526 thegem-custom-69ee57ebb9248437\"> <h1 class=\"post-title title-h3\"> <span>Psycho Detailing s'agrandit avec un nouveau garage \u00e0 Terrebonne<\/span> <\/h1> <\/div><style>.thegem-te-post-excerpt.thegem-custom-69ee57ebb94a32524 {justify-content: left; text-align: left;}<\/style><div class=\"thegem-te-post-excerpt vc_custom_1756492007291 thegem-custom-69ee57ebb94a32524\"> <p class=\"post-excerpt\"> Psycho Detailing ouvre un nouveau garage \u00e0 Terrebonne. M\u00eame service premium, d\u00e9sormais mobile ou dans nos nouveaux locaux. <\/p> <\/div><\/div><\/div><\/div><\/div><div id=\"vc_row-69ee57ebb9778\" class=\"vc_row wpb_row vc_row-fluid thegem-custom-69ee57ebb97612197\"><div class=\"wpb_column vc_column_container vc_col-sm-12 thegem-custom-69ee57ebb98f37282\" ><div class=\"vc_column-inner thegem-custom-inner-69ee57ebb98f4\"><div class=\"wpb_wrapper thegem-custom-69ee57ebb98f37282\">\r\n\t\r\n\t\t<div class=\"wpb_text_column wpb_content_element  thegem-vc-text thegem-custom-69ee57ebb9b9b7592\"  >\r\n\t\t\t<div class=\"wpb_wrapper\">\r\n\t\t\t\t<p class=\"translation-block\">Une grande nouvelle est \u00e0 venir : Psycho Detailing s'agrandit. Reconnus pour notre service mobile de qualit\u00e9 sup\u00e9rieure, nous sommes ravis d'annoncer l'ouverture prochaine de notre tout nouveau garage \u00e0 Terrebonne. Cette expansion nous permettra d'offrir encore plus de services \u00e0 nos clients, tout en maintenant les m\u00eames normes professionnelles qui ont b\u00e2ti notre r\u00e9putation.<\/p>\n\r\n\t\t\t<\/div>\r\n\t\t\t<style>@media screen and (max-width: 1023px) {.thegem-vc-text.thegem-custom-69ee57ebb9b9b7592{display: block!important;}}@media screen and (max-width: 767px) {.thegem-vc-text.thegem-custom-69ee57ebb9b9b7592{display: block!important;}}@media screen and (max-width: 1023px) {.thegem-vc-text.thegem-custom-69ee57ebb9b9b7592{position: relative !important;}}@media screen and (max-width: 767px) {.thegem-vc-text.thegem-custom-69ee57ebb9b9b7592{position: relative !important;}}<\/style>\r\n\t\t<\/div>\r\n\t\r\n<\/div><\/div><\/div><\/div><div id=\"vc_row-69ee57ebb9d8b\" class=\"vc_row wpb_row vc_row-fluid thegem-custom-69ee57ebb9d821083\"><div class=\"wpb_column vc_column_container vc_col-sm-12 thegem-custom-69ee57ebb9ed14828\" ><div class=\"vc_column-inner thegem-custom-inner-69ee57ebb9ed2\"><div class=\"wpb_wrapper thegem-custom-69ee57ebb9ed14828\">\r\n\t\r\n\t\t<div class=\"wpb_text_column wpb_content_element  thegem-vc-text thegem-custom-69ee57ebb9ffb3582\"  >\r\n\t\t\t<div class=\"wpb_wrapper\">\r\n\t\t\t\t<div class=\"title-h4\" data-start=\"1010\" data-end=\"1029\">Pourquoi Terrebonne ?<\/div>\n<p data-start=\"1031\" data-end=\"1345\">Notre \u00e9quipe mobile de nettoyage automobile a d\u00e9j\u00e0 servi des clients dans la grande r\u00e9gion de Montr\u00e9al, \u00e0 Laval, sur la Rive-Nord, la Rive-Sud et dans l'Ouest-de-l'\u00cele. Terrebonne \u00e9tait donc une \u00e9tape logique. Le nouveau garage permettra aux clients des environs d'acc\u00e9der plus facilement \u00e0 nos services, tout en offrant \u00e0 tous la possibilit\u00e9 de b\u00e9n\u00e9ficier d'un service mobile \u00e0 domicile.<\/p>\n\r\n\t\t\t<\/div>\r\n\t\t\t<style>@media screen and (max-width: 1023px) {.thegem-vc-text.thegem-custom-69ee57ebb9ffb3582{display: block!important;}}@media screen and (max-width: 767px) {.thegem-vc-text.thegem-custom-69ee57ebb9ffb3582{display: block!important;}}@media screen and (max-width: 1023px) {.thegem-vc-text.thegem-custom-69ee57ebb9ffb3582{position: relative !important;}}@media screen and (max-width: 767px) {.thegem-vc-text.thegem-custom-69ee57ebb9ffb3582{position: relative !important;}}<\/style>\r\n\t\t<\/div>\r\n\t\r\n<div class=\"centered-box gem-image-centered-box\" ><div class=\"gem-image gem-wrapbox gem-wrapbox-style-default gem-wrapbox-position-centered  thegem-custom-69ee57ebba0893020\"  style=\"\" ><div class=\"gem-wrapbox-inner\" ><img class=\"gem-wrapbox-element img-responsive\" src=\"https:\/\/psychodetailing.ca\/wp-content\/uploads\/2025\/09\/Psycho-Detailing-Expands-with-New-Garage-in-Terrebonne1.jpg\" alt=\"Psycho Detailing s&#039;agrandit avec un nouveau garage \u00e0 Terrebonne\"\/><\/div><style type=\"text\/css\">.thegem-custom-69ee57ebba0893020.gem-image a:hover img {filter: brightness( 100% ) contrast( 100% ) saturate( 100% ) blur( 0px ) hue-rotate( 0deg );}<\/style><\/div><\/div><\/div><\/div><\/div><\/div><div id=\"vc_row-69ee57ebba378\" class=\"vc_row wpb_row vc_row-fluid thegem-custom-69ee57ebba36e25\"><div class=\"wpb_column vc_column_container vc_col-sm-12 thegem-custom-69ee57ebba4ca7118\" ><div class=\"vc_column-inner thegem-custom-inner-69ee57ebba4cb\"><div class=\"wpb_wrapper thegem-custom-69ee57ebba4ca7118\">\r\n\t\r\n\t\t<div class=\"wpb_text_column wpb_content_element  thegem-vc-text thegem-custom-69ee57ebba5ce6786\"  >\r\n\t\t\t<div class=\"wpb_wrapper\">\r\n\t\t\t\t<div class=\"title-h4\" data-start=\"1352\" data-end=\"1380\">Ce \u00e0 quoi les clients peuvent s'attendre<\/div>\n<p data-start=\"1382\" data-end=\"1574\">Au garage Terrebonne, les clients b\u00e9n\u00e9ficieront du m\u00eame professionnalisme, du m\u00eame souci du d\u00e9tail et des m\u00eames normes \u00e9lev\u00e9es qui ont gagn\u00e9 la confiance des propri\u00e9taires de voitures de luxe et de sport. Chaque v\u00e9hicule continuera de b\u00e9n\u00e9ficier :<\/p>\n<ul data-start=\"1576\" data-end=\"1827\">\n<li data-start=\"1576\" data-end=\"1635\">\n<p data-start=\"1578\" data-end=\"1635\">Serviettes en microfibres propres (jamais r\u00e9utilis\u00e9es entre deux v\u00e9hicules)<\/p>\n<\/li>\n<li data-start=\"1636\" data-end=\"1718\">\n<p data-start=\"1638\" data-end=\"1718\">Soin professionnel pour voitures, SUV, camping-cars, motos, bateaux et m\u00eame petits jets<\/p>\n<\/li>\n<li data-start=\"1719\" data-end=\"1827\">\n<p data-start=\"1721\" data-end=\"1827\">Une gamme de services de finition, allant du nettoyage en profondeur de l'int\u00e9rieur au rev\u00eatement c\u00e9ramique et \u00e0 la protection compl\u00e8te de l'ext\u00e9rieur.<\/p>\n<\/li>\n<\/ul>\n\r\n\t\t\t<\/div>\r\n\t\t\t<style>@media screen and (max-width: 1023px) {.thegem-vc-text.thegem-custom-69ee57ebba5ce6786{display: block!important;}}@media screen and (max-width: 767px) {.thegem-vc-text.thegem-custom-69ee57ebba5ce6786{display: block!important;}}@media screen and (max-width: 1023px) {.thegem-vc-text.thegem-custom-69ee57ebba5ce6786{position: relative !important;}}@media screen and (max-width: 767px) {.thegem-vc-text.thegem-custom-69ee57ebba5ce6786{position: relative !important;}}<\/style>\r\n\t\t<\/div>\r\n\t\r\n<\/div><\/div><\/div><\/div><div id=\"vc_row-69ee57ebba80a\" class=\"vc_row wpb_row vc_row-fluid thegem-custom-69ee57ebba8019330\"><div class=\"wpb_column vc_column_container vc_col-sm-12 thegem-custom-69ee57ebba95e4353\" ><div class=\"vc_column-inner thegem-custom-inner-69ee57ebba960\"><div class=\"wpb_wrapper thegem-custom-69ee57ebba95e4353\">\r\n\t\r\n\t\t<div class=\"wpb_text_column wpb_content_element  thegem-vc-text thegem-custom-69ee57ebbaa551895\"  >\r\n\t\t\t<div class=\"wpb_wrapper\">\r\n\t\t\t\t<div class=\"title-h4\" data-start=\"1834\" data-end=\"1867\">Le service mobile sera maintenu<\/div>\n<p data-start=\"1869\" data-end=\"2142\">L'ouverture de notre garage \u00e0 Terrebonne ne remplace pas notre service mobile, mais vient le compl\u00e9ter. Les clients qui pr\u00e9f\u00e8rent la commodit\u00e9 d'un service de nettoyage sur place continueront \u00e0 b\u00e9n\u00e9ficier de l'exp\u00e9rience mobile compl\u00e8te, tandis que d'autres pourront choisir d'amener leur v\u00e9hicule directement \u00e0 notre nouveau garage.<\/p>\n\r\n\t\t\t<\/div>\r\n\t\t\t<style>@media screen and (max-width: 1023px) {.thegem-vc-text.thegem-custom-69ee57ebbaa551895{display: block!important;}}@media screen and (max-width: 767px) {.thegem-vc-text.thegem-custom-69ee57ebbaa551895{display: block!important;}}@media screen and (max-width: 1023px) {.thegem-vc-text.thegem-custom-69ee57ebbaa551895{position: relative !important;}}@media screen and (max-width: 767px) {.thegem-vc-text.thegem-custom-69ee57ebbaa551895{position: relative !important;}}<\/style>\r\n\t\t<\/div>\r\n\t\r\n<\/div><\/div><\/div><\/div><div id=\"vc_row-69ee57ebbac1b\" class=\"vc_row wpb_row vc_row-fluid thegem-custom-69ee57ebbac135837\"><div class=\"wpb_column vc_column_container vc_col-sm-12 thegem-custom-69ee57ebbad583866\" ><div class=\"vc_column-inner thegem-custom-inner-69ee57ebbad5a\"><div class=\"wpb_wrapper thegem-custom-69ee57ebbad583866\">\r\n\t\r\n\t\t<div class=\"wpb_text_column wpb_content_element  thegem-vc-text thegem-custom-69ee57ebbae438860\"  >\r\n\t\t\t<div class=\"wpb_wrapper\">\r\n\t\t\t\t<div class=\"title-h4\" data-start=\"2149\" data-end=\"2167\">Perspectives d'avenir<\/div>\n<p data-start=\"2169\" data-end=\"2437\">La date officielle d'ouverture sera bient\u00f4t annonc\u00e9e. Parall\u00e8lement au lancement, nous proposerons des offres exclusives pour c\u00e9l\u00e9brer cette \u00e9tape importante. Que vous optiez pour le nettoyage mobile ou que vous vous rendiez dans notre nouveau garage, vous b\u00e9n\u00e9ficierez du m\u00eame service haut de gamme qui fait la renomm\u00e9e de Psycho Detailing.<\/p>\n\r\n\t\t\t<\/div>\r\n\t\t\t<style>@media screen and (max-width: 1023px) {.thegem-vc-text.thegem-custom-69ee57ebbae438860{display: block!important;}}@media screen and (max-width: 767px) {.thegem-vc-text.thegem-custom-69ee57ebbae438860{display: block!important;}}@media screen and (max-width: 1023px) {.thegem-vc-text.thegem-custom-69ee57ebbae438860{position: relative !important;}}@media screen and (max-width: 767px) {.thegem-vc-text.thegem-custom-69ee57ebbae438860{position: relative !important;}}<\/style>\r\n\t\t<\/div>\r\n\t\r\n<\/div><\/div><\/div><\/div><div id=\"vc_row-69ee57ebbb001\" class=\"vc_row wpb_row vc_row-fluid thegem-custom-69ee57ebbaffa281\"><div class=\"wpb_column vc_column_container vc_col-sm-12 thegem-custom-69ee57ebbb1571974\" ><div class=\"vc_column-inner thegem-custom-inner-69ee57ebbb158\"><div class=\"wpb_wrapper thegem-custom-69ee57ebbb1571974\"><div class=\"centered-box gem-image-centered-box\" ><div class=\"gem-image gem-wrapbox gem-wrapbox-style-default gem-wrapbox-position-centered  thegem-custom-69ee57ebbb1e62526\"  style=\"\" ><div class=\"gem-wrapbox-inner\" ><img class=\"gem-wrapbox-element img-responsive\" src=\"https:\/\/psychodetailing.ca\/wp-content\/uploads\/2025\/09\/Psycho-Detailing-Expands-with-New-Garage-in-Terrebonne2.jpg\" alt=\"Psycho Detailing s&#039;agrandit avec un nouveau garage \u00e0 Terrebonne\"\/><\/div><style type=\"text\/css\">.thegem-custom-69ee57ebbb1e62526.gem-image a:hover img {filter: brightness( 100% ) contrast( 100% ) saturate( 100% ) blur( 0px ) hue-rotate( 0deg );}<\/style><\/div><\/div><div class=\"clearboth\"><\/div><style>#thegem-divider-69ee57ebbb325 {margin-top: 20px !important;}<\/style><div id=\"thegem-divider-69ee57ebbb325\" class=\"gem-divider\" style=\"\" ><\/div>\r\n\t\r\n\t\t<div class=\"wpb_text_column wpb_content_element  thegem-vc-text thegem-custom-69ee57ebbb3cd4628\"  >\r\n\t\t\t<div class=\"wpb_wrapper\">\r\n\t\t\t\t<div class=\"title-h4\" data-start=\"2444\" data-end=\"2474\">R\u00e9servez votre service de nettoyage d\u00e8s aujourd'hui<\/div>\n<p data-start=\"2476\" data-end=\"2677\">N'attendez pas la grande ouverture, r\u00e9servez d\u00e8s maintenant votre prochain service d'esth\u00e9tique automobile. Que ce soit \u00e0 votre domicile, sur votre lieu de travail ou bient\u00f4t dans notre garage de Terrebonne, nous sommes l\u00e0 pour vous offrir un service d'esth\u00e9tique automobile professionnel et fiable.<\/p>\n<p data-start=\"3521\" data-end=\"3600\">\ud83d\udcde <a href=\"tel:5147429579\"><strong data-start=\"3535\" data-end=\"3551\">514 742-9579<\/strong><\/a><\/p>\n<p data-start=\"3521\" data-end=\"3600\"><br data-start=\"3551\" data-end=\"3554\" \/>\ud83c\udf10 <strong><a href=\"https:\/\/psychodetailing.ca\/fr\/reservez\/\">R\u00e9servez en ligne<\/a><\/strong><\/p>\n\r\n\t\t\t<\/div>\r\n\t\t\t<style>@media screen and (max-width: 1023px) {.thegem-vc-text.thegem-custom-69ee57ebbb3cd4628{display: block!important;}}@media screen and (max-width: 767px) {.thegem-vc-text.thegem-custom-69ee57ebbb3cd4628{display: block!important;}}@media screen and (max-width: 1023px) {.thegem-vc-text.thegem-custom-69ee57ebbb3cd4628{position: relative !important;}}@media screen and (max-width: 767px) {.thegem-vc-text.thegem-custom-69ee57ebbb3cd4628{position: relative !important;}}<\/style>\r\n\t\t<\/div>\r\n\t\r\n<\/div><\/div><\/div><\/div>\n<\/div>","protected":false},"excerpt":{"rendered":"<p>Psycho Detailing ouvre un nouveau garage \u00e0 Terrebonne. M\u00eame service premium, d\u00e9sormais mobile ou dans nos nouveaux locaux.<\/p>","protected":false},"author":1,"featured_media":13927,"comment_status":"closed","ping_status":"closed","sticky":false,"template":"","format":"standard","meta":{"_monsterinsights_skip_tracking":false,"_monsterinsights_sitenote_active":false,"_monsterinsights_sitenote_note":"","_monsterinsights_sitenote_category":0,"footnotes":""},"categories":[70,62,69,1,68,71],"tags":[89,88,91,72,92,90],"class_list":{"0":"post-13923","1":"post","2":"type-post","3":"status-publish","4":"format-standard","5":"has-post-thumbnail","7":"category-ceramic-coating","8":"category-detailing","9":"category-exterior","10":"category-general","11":"category-interior","12":"category-paint-correction","13":"tag-car-detailing","14":"tag-eco-friendly","15":"tag-ev-vehicles","16":"tag-grand-montreal","17":"tag-luxury-vehicles","18":"tag-mobile-car-detailing"},"aioseo_notices":[],"menu_order":0,"_links":{"self":[{"href":"https:\/\/psychodetailing.ca\/fr\/wp-json\/wp\/v2\/posts\/13923","targetHints":{"allow":["GET"]}}],"collection":[{"href":"https:\/\/psychodetailing.ca\/fr\/wp-json\/wp\/v2\/posts"}],"about":[{"href":"https:\/\/psychodetailing.ca\/fr\/wp-json\/wp\/v2\/types\/post"}],"author":[{"embeddable":true,"href":"https:\/\/psychodetailing.ca\/fr\/wp-json\/wp\/v2\/users\/1"}],"replies":[{"embeddable":true,"href":"https:\/\/psychodetailing.ca\/fr\/wp-json\/wp\/v2\/comments?post=13923"}],"version-history":[{"count":2,"href":"https:\/\/psychodetailing.ca\/fr\/wp-json\/wp\/v2\/posts\/13923\/revisions"}],"predecessor-version":[{"id":13928,"href":"https:\/\/psychodetailing.ca\/fr\/wp-json\/wp\/v2\/posts\/13923\/revisions\/13928"}],"wp:featuredmedia":[{"embeddable":true,"href":"https:\/\/psychodetailing.ca\/fr\/wp-json\/wp\/v2\/media\/13927"}],"wp:attachment":[{"href":"https:\/\/psychodetailing.ca\/fr\/wp-json\/wp\/v2\/media?parent=13923"}],"wp:term":[{"taxonomy":"category","embeddable":true,"href":"https:\/\/psychodetailing.ca\/fr\/wp-json\/wp\/v2\/categories?post=13923"},{"taxonomy":"post_tag","embeddable":true,"href":"https:\/\/psychodetailing.ca\/fr\/wp-json\/wp\/v2\/tags?post=13923"}],"curies":[{"name":"wp","href":"https:\/\/api.w.org\/{rel}","templated":true}]}}