{"id":13880,"date":"2025-09-09T10:50:52","date_gmt":"2025-09-09T10:50:52","guid":{"rendered":"https:\/\/psychodetailing.ca\/?p=13880"},"modified":"2025-09-10T06:02:19","modified_gmt":"2025-09-10T06:02:19","slug":"restauration-des-phares-pour-une-conduite-nocturne-plus-sure","status":"publish","type":"post","link":"https:\/\/psychodetailing.ca\/fr\/headlight-restoration-for-safer-night-driving\/","title":{"rendered":"Restauration des phares pour une conduite nocturne plus s\u00fbre"},"content":{"rendered":"<div class=\"wpb-content-wrapper\"><div id=\"vc_row-69ee6e6759603\" class=\"vc_row wpb_row vc_row-fluid thegem-custom-69ee6e67595ed1757\"><div class=\"wpb_column vc_column_container vc_col-sm-12 thegem-custom-69ee6e67597e92054\" ><div class=\"vc_column-inner thegem-custom-inner-69ee6e67597eb\"><div class=\"wpb_wrapper thegem-custom-69ee6e67597e92054\"><style>.thegem-te-post-title.thegem-custom-69ee6e67598bd3480 {justify-content: left; text-align: left;}<\/style><div class=\"thegem-te-post-title vc_custom_1756491983526 thegem-custom-69ee6e67598bd3480\"> <h1 class=\"post-title title-h3\"> <span>Restauration des phares pour une conduite nocturne plus s\u00fbre<\/span> <\/h1> <\/div><style>.thegem-te-post-excerpt.thegem-custom-69ee6e6759b148791 {justify-content: left; text-align: left;}<\/style><div class=\"thegem-te-post-excerpt vc_custom_1756492007291 thegem-custom-69ee6e6759b148791\"> <p class=\"post-excerpt\"> Redonnez clart\u00e9 et \u00e9clat \u00e0 vos phares. Une conduite nocturne plus s\u00fbre commence par une restauration professionnelle des phares. <\/p> <\/div><\/div><\/div><\/div><\/div><div id=\"vc_row-69ee6e6759de6\" class=\"vc_row wpb_row vc_row-fluid thegem-custom-69ee6e6759ddc753\"><div class=\"wpb_column vc_column_container vc_col-sm-12 thegem-custom-69ee6e6759f4f7913\" ><div class=\"vc_column-inner thegem-custom-inner-69ee6e6759f51\"><div class=\"wpb_wrapper thegem-custom-69ee6e6759f4f7913\">\r\n\t\r\n\t\t<div class=\"wpb_text_column wpb_content_element  thegem-vc-text thegem-custom-69ee6e675a0d9620\"  >\r\n\t\t\t<div class=\"wpb_wrapper\">\r\n\t\t\t\t<p class=\"translation-block\">La restauration des phares est l'une des \u00e9tapes les plus importantes pour garantir une conduite s\u00fbre la nuit. Avec le temps, les phares peuvent devenir opaques, jaunis ou d\u00e9color\u00e9s, ce qui rend plus difficile la visibilit\u00e9 sur les routes sombres. Cela affecte non seulement l'apparence de votre voiture, mais cr\u00e9e \u00e9galement de r\u00e9els risques pour la s\u00e9curit\u00e9. La restauration professionnelle des phares vous redonne clart\u00e9, luminosit\u00e9 et tranquillit\u00e9 d'esprit chaque fois que vous conduisez apr\u00e8s le coucher du soleil.<\/p>\n\r\n\t\t\t<\/div>\r\n\t\t\t<style>@media screen and (max-width: 1023px) {.thegem-vc-text.thegem-custom-69ee6e675a0d9620{display: block!important;}}@media screen and (max-width: 767px) {.thegem-vc-text.thegem-custom-69ee6e675a0d9620{display: block!important;}}@media screen and (max-width: 1023px) {.thegem-vc-text.thegem-custom-69ee6e675a0d9620{position: relative !important;}}@media screen and (max-width: 767px) {.thegem-vc-text.thegem-custom-69ee6e675a0d9620{position: relative !important;}}<\/style>\r\n\t\t<\/div>\r\n\t\r\n<\/div><\/div><\/div><\/div><div id=\"vc_row-69ee6e675a306\" class=\"vc_row wpb_row vc_row-fluid thegem-custom-69ee6e675a2f99433\"><div class=\"wpb_column vc_column_container vc_col-sm-12 thegem-custom-69ee6e675a4893272\" ><div class=\"vc_column-inner thegem-custom-inner-69ee6e675a48b\"><div class=\"wpb_wrapper thegem-custom-69ee6e675a4893272\">\r\n\t\r\n\t\t<div class=\"wpb_text_column wpb_content_element  thegem-vc-text thegem-custom-69ee6e675a5ba9001\"  >\r\n\t\t\t<div class=\"wpb_wrapper\">\r\n\t\t\t\t<div class=\"title-h4\" data-start=\"333\" data-end=\"365\">Pourquoi les phares deviennent opaques<\/div>\n<p data-start=\"367\" data-end=\"849\">La plupart des phares modernes sont fabriqu\u00e9s \u00e0 partir d'un plastique r\u00e9sistant qui se d\u00e9colore sous l'effet du soleil, du sel et des intemp\u00e9ries. Avec le temps, cela provoque un jaunissement et un ternissement. Une \u00e9tude r\u00e9cente men\u00e9e par l'AAA a r\u00e9v\u00e9l\u00e9 que les phares ternis produisent seulement 20 % de la puissance lumineuse des lentilles neuves <span class=\"\" data-state=\"closed\"><span class=\"ms-1 inline-flex max-w-full items-center relative top-&#091;-0.094rem&#093; animate-&#091;show_150ms_ease-in&#093;\" data-testid=\"webpage-citation-pill\"><a class=\"flex h-4.5 overflow-hidden rounded-xl px-2 text-&#091;9px&#093; font-medium text-token-text-secondary! bg-&#091;#F4F4F4&#093;! dark:bg-&#091;#303030&#093;! transition-colors duration-150 ease-in-out\" href=\"https:\/\/newsroom.aaa.com\/2018\/12\/dangers-driving-cloudy-headlights\/?utm_source=chatgpt.com\" target=\"_blank\" rel=\"noopener\"><span class=\"relative start-0 bottom-0 flex h-full w-full items-center\"><span class=\"flex h-4 w-full items-center justify-between overflow-hidden\"><span class=\"max-w-full grow truncate overflow-hidden text-center\">AAA Newsroom<\/span><\/span><\/span><\/a><\/span><\/span>. M\u00eame une restauration basique des phares peut consid\u00e9rablement am\u00e9liorer la visibilit\u00e9, en doublant la puissance lumineuse et en r\u00e9duisant l'\u00e9blouissement jusqu'\u00e0 60 %. <span class=\"\" data-state=\"closed\"><span class=\"ms-1 inline-flex max-w-full items-center relative top-&#091;-0.094rem&#093; animate-&#091;show_150ms_ease-in&#093;\" data-testid=\"webpage-citation-pill\"><a class=\"flex h-4.5 overflow-hidden rounded-xl px-2 text-&#091;9px&#093; font-medium text-token-text-secondary! bg-&#091;#F4F4F4&#093;! dark:bg-&#091;#303030&#093;! transition-colors duration-150 ease-in-out\" href=\"https:\/\/living.acg.aaa.com\/auto\/headlights-tips-for-safety?utm_source=chatgpt.com\" target=\"_blank\" rel=\"noopener\"><span class=\"relative start-0 bottom-0 flex h-full w-full items-center\"><span class=\"flex h-4 w-full items-center justify-between overflow-hidden\"><span class=\"max-w-full grow truncate overflow-hidden text-center\">living.acg.aaa.com<\/span><\/span><\/span><\/a><\/span><\/span>.<\/p>\n\r\n\t\t\t<\/div>\r\n\t\t\t<style>@media screen and (max-width: 1023px) {.thegem-vc-text.thegem-custom-69ee6e675a5ba9001{display: block!important;}}@media screen and (max-width: 767px) {.thegem-vc-text.thegem-custom-69ee6e675a5ba9001{display: block!important;}}@media screen and (max-width: 1023px) {.thegem-vc-text.thegem-custom-69ee6e675a5ba9001{position: relative !important;}}@media screen and (max-width: 767px) {.thegem-vc-text.thegem-custom-69ee6e675a5ba9001{position: relative !important;}}<\/style>\r\n\t\t<\/div>\r\n\t\r\n<div class=\"centered-box gem-image-centered-box\" ><div class=\"gem-image gem-wrapbox gem-wrapbox-style-default gem-wrapbox-position-centered  thegem-custom-69ee6e675a6e38723\"  style=\"\" ><div class=\"gem-wrapbox-inner\" ><img class=\"gem-wrapbox-element img-responsive\" src=\"https:\/\/psychodetailing.ca\/wp-content\/uploads\/2025\/09\/Restore-clarity-and-brightness-to-your-headlights.jpg\" alt=\"Restauration des phares pour une conduite nocturne plus s\u00fbre\"\/><\/div><style type=\"text\/css\">.thegem-custom-69ee6e675a6e38723.gem-image a:hover img {filter: brightness( 100% ) contrast( 100% ) saturate( 100% ) blur( 0px ) hue-rotate( 0deg );}<\/style><\/div><\/div><\/div><\/div><\/div><\/div><div id=\"vc_row-69ee6e675aa00\" class=\"vc_row wpb_row vc_row-fluid thegem-custom-69ee6e675a9f73679\"><div class=\"wpb_column vc_column_container vc_col-sm-12 thegem-custom-69ee6e675ab574555\" ><div class=\"vc_column-inner thegem-custom-inner-69ee6e675ab58\"><div class=\"wpb_wrapper thegem-custom-69ee6e675ab574555\">\r\n\t\r\n\t\t<div class=\"wpb_text_column wpb_content_element  thegem-vc-text thegem-custom-69ee6e675ac647867\"  >\r\n\t\t\t<div class=\"wpb_wrapper\">\r\n\t\t\t\t<div class=\"title-h4\" data-start=\"270\" data-end=\"311\"><strong data-start=\"270\" data-end=\"311\">Les risques pour la s\u00e9curit\u00e9 li\u00e9s aux phares ternis<\/strong><\/div>\n<p data-start=\"313\" data-end=\"548\">Conduire avec des phares ternis n'est pas seulement un probl\u00e8me esth\u00e9tique, cela compromet s\u00e9rieusement la s\u00e9curit\u00e9. La plupart des phares modernes utilisent des lentilles en plastique qui se d\u00e9gradent avec le temps. Sans restauration des phares, la visibilit\u00e9 peut diminuer consid\u00e9rablement.<\/p>\n<p data-start=\"550\" data-end=\"1148\">Selon l' <a class=\"decorated-link\" href=\"https:\/\/newsroom.aaa.com\/2018\/12\/dangers-driving-cloudy-headlights\/?utm_source=chatgpt.com\" target=\"_new\" rel=\"noopener\" data-start=\"563\" data-end=\"637\">AAA<\/a>, les phares ternis ne produisent qu'environ 22 % de la lumi\u00e8re produite par des phares neufs. De plus, une conception ad\u00e9quate des phares ne se limite pas \u00e0 la luminosit\u00e9, elle concerne \u00e9galement la gestion de l'\u00e9blouissement. <a href=\"https:\/\/www.nhtsa.gov\/press-releases\/nhtsa-allow-adaptive-driving-beam-headlights-new-vehicles-improving-safety-drivers?utm_source=chatgpt.com\">L'Administration nationale de la s\u00e9curit\u00e9 routi\u00e8re (NHTSA)<\/a> autorise d\u00e9sormais les technologies de faisceau adaptatif qui ajustent automatiquement la lumi\u00e8re afin d'am\u00e9liorer la visibilit\u00e9 et de r\u00e9duire l'\u00e9blouissement pour une conduite nocturne plus s\u00fbre.<\/p>\n\r\n\t\t\t<\/div>\r\n\t\t\t<style>@media screen and (max-width: 1023px) {.thegem-vc-text.thegem-custom-69ee6e675ac647867{display: block!important;}}@media screen and (max-width: 767px) {.thegem-vc-text.thegem-custom-69ee6e675ac647867{display: block!important;}}@media screen and (max-width: 1023px) {.thegem-vc-text.thegem-custom-69ee6e675ac647867{position: relative !important;}}@media screen and (max-width: 767px) {.thegem-vc-text.thegem-custom-69ee6e675ac647867{position: relative !important;}}<\/style>\r\n\t\t<\/div>\r\n\t\r\n<\/div><\/div><\/div><\/div><div id=\"vc_row-69ee6e675aee2\" class=\"vc_row wpb_row vc_row-fluid thegem-custom-69ee6e675aed9510\"><div class=\"wpb_column vc_column_container vc_col-sm-12 thegem-custom-69ee6e675b0359222\" ><div class=\"vc_column-inner thegem-custom-inner-69ee6e675b036\"><div class=\"wpb_wrapper thegem-custom-69ee6e675b0359222\">\r\n\t\r\n\t\t<div class=\"wpb_text_column wpb_content_element  thegem-vc-text thegem-custom-69ee6e675b149427\"  >\r\n\t\t\t<div class=\"wpb_wrapper\">\r\n\t\t\t\t<div class=\"title-h4\" data-start=\"2010\" data-end=\"2061\">Avantages de la restauration professionnelle des phares<\/div>\n<p data-start=\"2063\" data-end=\"2203\">Opter pour une restauration professionnelle des phares offre bien plus qu'une simple am\u00e9lioration esth\u00e9tique. Ce processus r\u00e9tablit la s\u00e9curit\u00e9 et le confort de conduite en :<\/p>\n<ul data-start=\"2205\" data-end=\"2368\">\n<li data-start=\"2205\" data-end=\"2260\">\n<p data-start=\"2207\" data-end=\"2260\">\u00c9limination de l'oxydation et de la bu\u00e9e sur les lentilles des phares<\/p>\n<\/li>\n<li data-start=\"2261\" data-end=\"2316\">\n<p data-start=\"2263\" data-end=\"2316\">Polissage pour redonner transparence et brillance<\/p>\n<\/li>\n<li data-start=\"2317\" data-end=\"2368\">\n<p data-start=\"2319\" data-end=\"2368\">Application d'un produit d'\u00e9tanch\u00e9it\u00e9 protecteur pour prolonger les r\u00e9sultats<\/p>\n<\/li>\n<\/ul>\n<p data-start=\"2370\" data-end=\"2504\"><strong>Gr\u00e2ce \u00e0 la restauration des phares<\/strong>, votre v\u00e9hicule aura non seulement l'air plus neuf, mais il b\u00e9n\u00e9ficiera \u00e9galement d'un \u00e9clairage plus puissant et plus clair, pour une conduite plus s\u00fbre.<\/p>\n\r\n\t\t\t<\/div>\r\n\t\t\t<style>@media screen and (max-width: 1023px) {.thegem-vc-text.thegem-custom-69ee6e675b149427{display: block!important;}}@media screen and (max-width: 767px) {.thegem-vc-text.thegem-custom-69ee6e675b149427{display: block!important;}}@media screen and (max-width: 1023px) {.thegem-vc-text.thegem-custom-69ee6e675b149427{position: relative !important;}}@media screen and (max-width: 767px) {.thegem-vc-text.thegem-custom-69ee6e675b149427{position: relative !important;}}<\/style>\r\n\t\t<\/div>\r\n\t\r\n<\/div><\/div><\/div><\/div><div id=\"vc_row-69ee6e675b37e\" class=\"vc_row wpb_row vc_row-fluid thegem-custom-69ee6e675b3762991\"><div class=\"wpb_column vc_column_container vc_col-sm-12 thegem-custom-69ee6e675b4c97841\" ><div class=\"vc_column-inner thegem-custom-inner-69ee6e675b4ca\"><div class=\"wpb_wrapper thegem-custom-69ee6e675b4c97841\">\r\n\t\r\n\t\t<div class=\"wpb_text_column wpb_content_element  thegem-vc-text thegem-custom-69ee6e675b5d21945\"  >\r\n\t\t\t<div class=\"wpb_wrapper\">\r\n\t\t\t\t<div class=\"title-h4\" data-start=\"2511\" data-end=\"2560\">Restauration des phares et apparence du v\u00e9hicule<\/div>\n<p data-start=\"2562\" data-end=\"2867\">Des phares ternis ne r\u00e9duisent pas seulement la s\u00e9curit\u00e9, ils donnent \u00e9galement \u00e0 votre voiture un aspect vieillot et n\u00e9glig\u00e9. Une restauration professionnelle des phares redonne \u00e0 l'avant de votre voiture un aspect net et propre, am\u00e9liorant ainsi son apparence g\u00e9n\u00e9rale. C'est un moyen simple de rafra\u00eechir votre v\u00e9hicule sans avoir \u00e0 remplacer des phares co\u00fbteux.<\/p>\n\r\n\t\t\t<\/div>\r\n\t\t\t<style>@media screen and (max-width: 1023px) {.thegem-vc-text.thegem-custom-69ee6e675b5d21945{display: block!important;}}@media screen and (max-width: 767px) {.thegem-vc-text.thegem-custom-69ee6e675b5d21945{display: block!important;}}@media screen and (max-width: 1023px) {.thegem-vc-text.thegem-custom-69ee6e675b5d21945{position: relative !important;}}@media screen and (max-width: 767px) {.thegem-vc-text.thegem-custom-69ee6e675b5d21945{position: relative !important;}}<\/style>\r\n\t\t<\/div>\r\n\t\r\n<\/div><\/div><\/div><\/div><div id=\"vc_row-69ee6e675b7ae\" class=\"vc_row wpb_row vc_row-fluid thegem-custom-69ee6e675b7a22618\"><div class=\"wpb_column vc_column_container vc_col-sm-12 thegem-custom-69ee6e675b8f52431\" ><div class=\"vc_column-inner thegem-custom-inner-69ee6e675b8f7\"><div class=\"wpb_wrapper thegem-custom-69ee6e675b8f52431\">\r\n\t\r\n\t\t<div class=\"wpb_text_column wpb_content_element  thegem-vc-text thegem-custom-69ee6e675b9e33742\"  >\r\n\t\t\t<div class=\"wpb_wrapper\">\r\n\t\t\t\t<div class=\"title-h4\" data-start=\"2874\" data-end=\"2921\">Restauration des phares en tant que service compl\u00e9mentaire<\/div>\n<p data-start=\"2923\" data-end=\"3294\">Chez Psycho Detailing, nous sommes sp\u00e9cialis\u00e9s dans les services complets de nettoyage et d'entretien automobile, tant \u00e0 l'int\u00e9rieur qu'\u00e0 l'ext\u00e9rieur. Dans le cadre de notre engagement \u00e0 offrir un soin complet, nous proposons \u00e9galement la restauration des phares en tant que service suppl\u00e9mentaire. Lors de votre rendez-vous, notre \u00e9quipe peut restaurer vos phares afin que vous repartiez non seulement avec une voiture impeccable, mais aussi avec une visibilit\u00e9 plus s\u00fbre et plus lumineuse la nuit.<\/p>\n\r\n\t\t\t<\/div>\r\n\t\t\t<style>@media screen and (max-width: 1023px) {.thegem-vc-text.thegem-custom-69ee6e675b9e33742{display: block!important;}}@media screen and (max-width: 767px) {.thegem-vc-text.thegem-custom-69ee6e675b9e33742{display: block!important;}}@media screen and (max-width: 1023px) {.thegem-vc-text.thegem-custom-69ee6e675b9e33742{position: relative !important;}}@media screen and (max-width: 767px) {.thegem-vc-text.thegem-custom-69ee6e675b9e33742{position: relative !important;}}<\/style>\r\n\t\t<\/div>\r\n\t\r\n<\/div><\/div><\/div><\/div><div id=\"vc_row-69ee6e675bbd8\" class=\"vc_row wpb_row vc_row-fluid thegem-custom-69ee6e675bbcf9360\"><div class=\"wpb_column vc_column_container vc_col-sm-12 thegem-custom-69ee6e675bd551142\" ><div class=\"vc_column-inner thegem-custom-inner-69ee6e675bd56\"><div class=\"wpb_wrapper thegem-custom-69ee6e675bd551142\"><div class=\"centered-box gem-image-centered-box\" ><div class=\"gem-image gem-wrapbox gem-wrapbox-style-default gem-wrapbox-position-centered  thegem-custom-69ee6e675be091823\"  style=\"\" ><div class=\"gem-wrapbox-inner\" ><img class=\"gem-wrapbox-element img-responsive\" src=\"https:\/\/psychodetailing.ca\/wp-content\/uploads\/2025\/09\/Headlight-Restoration-for-Safer-Night-Driving.jpg\" alt=\"Restauration des phares pour une conduite nocturne plus s\u00fbre\"\/><\/div><style type=\"text\/css\">.thegem-custom-69ee6e675be091823.gem-image a:hover img {filter: brightness( 100% ) contrast( 100% ) saturate( 100% ) blur( 0px ) hue-rotate( 0deg );}<\/style><\/div><\/div><div class=\"clearboth\"><\/div><style>#thegem-divider-69ee6e675bf4c {margin-top: 20px !important;}<\/style><div id=\"thegem-divider-69ee6e675bf4c\" class=\"gem-divider\" style=\"\" ><\/div>\r\n\t\r\n\t\t<div class=\"wpb_text_column wpb_content_element  thegem-vc-text thegem-custom-69ee6e675bff92131\"  >\r\n\t\t\t<div class=\"wpb_wrapper\">\r\n\t\t\t\t<div class=\"title-h4\" data-start=\"3301\" data-end=\"3343\">R\u00e9servez votre rendez-vous pour un nettoyage en profondeur d\u00e8s aujourd'hui<\/div>\n<p data-start=\"3345\" data-end=\"3519\">Ne laissez pas des phares ternis compromettre votre s\u00e9curit\u00e9. Gr\u00e2ce \u00e0 notre service professionnel de restauration des phares, vous b\u00e9n\u00e9ficierez d'un \u00e9clairage plus clair et plus lumineux et pourrez conduire de nuit en toute s\u00e9curit\u00e9.<\/p>\n<p data-start=\"3521\" data-end=\"3600\">\ud83d\udcde <a href=\"tel:5147429579\"><strong data-start=\"3535\" data-end=\"3551\">514 742-9579<\/strong><\/a><\/p>\n<p data-start=\"3521\" data-end=\"3600\"><br data-start=\"3551\" data-end=\"3554\" \/>\ud83c\udf10 <strong><a href=\"https:\/\/psychodetailing.ca\/fr\/reservez\/\">R\u00e9servez en ligne<\/a><\/strong><\/p>\n<p data-start=\"3602\" data-end=\"3889\">Demandez \u00e0 faire restaurer vos phares lors de votre prochain rendez-vous chez le d\u00e9taillant automobile et constatez la diff\u00e9rence par vous-m\u00eame. Pour plus d'informations sur la r\u00e9glementation en mati\u00e8re d'\u00e9clairage des v\u00e9hicules et les priorit\u00e9s en mati\u00e8re de s\u00e9curit\u00e9, consultez <a href=\"https:\/\/tc.canada.ca\/en\/road-transportation\/safety-standards-vehicles-tires-child-car-seats\/using-your-vehicle-lights-see-be-seen?utm_source=chatgpt.com\"><strong data-start=\"685\" data-end=\"744\">le guide de Transports Canada sur l'utilisation s\u00e9curitaire des feux de v\u00e9hicules.<\/strong>.<\/a><\/p>\n\r\n\t\t\t<\/div>\r\n\t\t\t<style>@media screen and (max-width: 1023px) {.thegem-vc-text.thegem-custom-69ee6e675bff92131{display: block!important;}}@media screen and (max-width: 767px) {.thegem-vc-text.thegem-custom-69ee6e675bff92131{display: block!important;}}@media screen and (max-width: 1023px) {.thegem-vc-text.thegem-custom-69ee6e675bff92131{position: relative !important;}}@media screen and (max-width: 767px) {.thegem-vc-text.thegem-custom-69ee6e675bff92131{position: relative !important;}}<\/style>\r\n\t\t<\/div>\r\n\t\r\n<\/div><\/div><\/div><\/div>\n<\/div>","protected":false},"excerpt":{"rendered":"<p>Redonnez clart\u00e9 et \u00e9clat \u00e0 vos phares. Une conduite nocturne plus s\u00fbre commence par une restauration professionnelle des phares.<\/p>","protected":false},"author":1,"featured_media":13882,"comment_status":"closed","ping_status":"closed","sticky":false,"template":"","format":"standard","meta":{"_monsterinsights_skip_tracking":false,"_monsterinsights_sitenote_active":false,"_monsterinsights_sitenote_note":"","_monsterinsights_sitenote_category":0,"footnotes":""},"categories":[70,62,69,1],"tags":[89,88,91,72,92,90],"class_list":{"0":"post-13880","1":"post","2":"type-post","3":"status-publish","4":"format-standard","5":"has-post-thumbnail","7":"category-ceramic-coating","8":"category-detailing","9":"category-exterior","10":"category-general","11":"tag-car-detailing","12":"tag-eco-friendly","13":"tag-ev-vehicles","14":"tag-grand-montreal","15":"tag-luxury-vehicles","16":"tag-mobile-car-detailing"},"aioseo_notices":[],"menu_order":0,"_links":{"self":[{"href":"https:\/\/psychodetailing.ca\/fr\/wp-json\/wp\/v2\/posts\/13880","targetHints":{"allow":["GET"]}}],"collection":[{"href":"https:\/\/psychodetailing.ca\/fr\/wp-json\/wp\/v2\/posts"}],"about":[{"href":"https:\/\/psychodetailing.ca\/fr\/wp-json\/wp\/v2\/types\/post"}],"author":[{"embeddable":true,"href":"https:\/\/psychodetailing.ca\/fr\/wp-json\/wp\/v2\/users\/1"}],"replies":[{"embeddable":true,"href":"https:\/\/psychodetailing.ca\/fr\/wp-json\/wp\/v2\/comments?post=13880"}],"version-history":[{"count":9,"href":"https:\/\/psychodetailing.ca\/fr\/wp-json\/wp\/v2\/posts\/13880\/revisions"}],"predecessor-version":[{"id":13907,"href":"https:\/\/psychodetailing.ca\/fr\/wp-json\/wp\/v2\/posts\/13880\/revisions\/13907"}],"wp:featuredmedia":[{"embeddable":true,"href":"https:\/\/psychodetailing.ca\/fr\/wp-json\/wp\/v2\/media\/13882"}],"wp:attachment":[{"href":"https:\/\/psychodetailing.ca\/fr\/wp-json\/wp\/v2\/media?parent=13880"}],"wp:term":[{"taxonomy":"category","embeddable":true,"href":"https:\/\/psychodetailing.ca\/fr\/wp-json\/wp\/v2\/categories?post=13880"},{"taxonomy":"post_tag","embeddable":true,"href":"https:\/\/psychodetailing.ca\/fr\/wp-json\/wp\/v2\/tags?post=13880"}],"curies":[{"name":"wp","href":"https:\/\/api.w.org\/{rel}","templated":true}]}}